









{"id":23958,"date":"2020-04-07T08:05:00","date_gmt":"2020-04-07T08:05:00","guid":{"rendered":"https:\/\/imnovation.acciona.com\/?p=23958"},"modified":"2022-11-16T08:20:57","modified_gmt":"2022-11-16T08:20:57","slug":"energy-companies-energia-positiva-initiative-mitigate-impact-covid-19","status":"publish","type":"post","link":"https:\/\/imnovation.acciona.com\/en\/energy-companies-energia-positiva-initiative-mitigate-impact-covid-19\/","title":{"rendered":"Energy Companies launch Energ\u00eda Positiva+ Initiative driven to mitigate the impact of COVID-19 through innovation"},"content":{"rendered":"\r\n\r\n\r\n<div class=\"module-hero module is-standalone\">\r\n    \r\n<nav class=\"breadcrumbs\" aria-label=\"breadcrumbs\">\r\n    <div class=\"grid\">\r\n        <div class=\"grid-container\">\r\n            <div class=\"breadcrumbs-content\">\r\n                <div class=\"breadcrumbs-left label--m\"><span><a rel=\"nofollow\" href=\"https:\/\/imnovation.acciona.com\/en\/\" rel=\"v:url\" title=\"Home\" class=\"link label--m\">&nbsp;Home<\/a><\/span><\/div>\r\n                                        <a id=\"back\" class=\"back link label--m\" href=\"javascript:history.go(-1)\" title=\"Back\" >\r\n                          <svg width=\"12\" height=\"12\" viewBox=\"0 0 12 12\" fill=\"none\" xmlns=\"http:\/\/www.w3.org\/2000\/svg\"><path d=\"M8 10L4 6L8 2\" stroke=\"white\"><\/path><\/svg>                          <span>Back<\/span>\r\n                      <\/a>\r\n                  \r\n\r\n            <\/div>\r\n        <\/div>\r\n    <\/div>\r\n<\/nav>\r\n    <div class=\"grid\">\r\n        <div class=\"image-container\">\r\n            <div class=\"image-wrapper\">\r\n                <div class=\"image\" key=\"0\">\r\n                                                                                                        <picture>\r\n                                                                                                                <source media=\"(max-width: 1023px)\" srcset=\"https:\/\/cdn-imnov.comun-pro.eu-west-1-aws.cloud-acc.net\/wp-content\/uploads\/2022\/07\/30111119\/2020-Abril-7-externa-aspect-ratio-768-1024-1.jpg\">\r\n                                                                                                                                                    <img decoding=\"async\" src=\"https:\/\/cdn-imnov.comun-pro.eu-west-1-aws.cloud-acc.net\/wp-content\/uploads\/2022\/07\/30111117\/Sin-titulo-1-scaled-aspect-ratio-2000-1024.jpg\" alt=\"\" \/>\r\n                                                                    <\/picture>\r\n                                                                                        <\/div>\r\n            <\/div>\r\n\r\n\r\n        <\/div>\r\n        <div class=\"grid-container\">\r\n            <div class=\"grid full-width module-carousel\">\r\n                <nav class=\"sliders\">\r\n                    <div class=\"cursor-left\"><\/div>\r\n                    <div class=\"cursor-right\"><\/div>\r\n                    <ul class=\"items text-wrap\" data-current-frame=\"1\">\r\n                        <li class=\"panel-text\" key=\"0\">\r\n                            <p class=\"title--xs uppercase\">\r\n\r\n                            April 07,  2020\r\n                            <\/p>\r\n                            <h1 class=\"title--m\">Energy Companies launch Energ\u00eda Positiva+ Initiative driven to mitigate the impact of COVID-19 through innovation<\/h1>\r\n                        <\/li>\r\n                    <\/ul>\r\n                <\/nav>\r\n                <nav class=\"bullets\" data-current-frame><button class=\"change-active-frame\" key=\"0\" data-frame=\"0\"><span>0<\/span><\/button><\/nav>\r\n            <\/div>\r\n        <\/div>\r\n    <\/div>\r\n<\/div>\r\n\r\n\r\n\n\n\r\n\r\n<div class=\"module-wysiwyg \">\r\n\r\n\r\n    <div class=\"grid\">\r\n\r\n        \r\n        \r\n\r\n            \r\n                \r\n                    \r\n                    \r\n\r\n                        <div class=\"grid-container\">\r\n\r\n                                                            \r\n                                \r\n                                                                                                                                                                <h2 class=\"title--m\">The main objective of the platform Energ\u00eda Positiva+, a pioneer in Spain, is to support startups in the development of projects, from the perspective of energy and in the areas of environmental sustainability, mobility, social impact, digitalization, telecommunications and 4.0. The initiative, promoted by Enag\u00e1s, Red El\u00e9ctrica, CLH, Iberdrola, BP, EIT InnoEnergy and Acciona, is open to other companies and institutions.<\/h2>\r\n                                                                            \r\n                                    \r\n                                    \r\n                                \r\n                                \r\n                                    \r\n                                                                            <p><p>A number of companies in the Spanish energy sector have joined together to fight the effects of the crisis caused by the coronavirus. To this end, they have created <a href=\"https:\/\/callenergiapositiva.com\/\" target=\"_blank\" rel=\"noopener\">Energ\u00eda Positiva+ Initiative<\/a>, a pioneering initiative in our country because it articulates innovation as the main tool to provide effective responses to help mitigate the economic and social impact of COVID-19.<\/p>\n<p>This platform is initially promoted by Red El\u00e9ctrica, Enag\u00e1s, CLH, Iberdrola, BP, EIT InnoEnergy and ACCIONA, and institutions such as Startup Ol\u00e9, ASCRI, El Referente and Socios Inversores. All these companies have already confirmed their collaboration. In addition, Energia Positiva+ Initiative is also open to other companies and organizations that wish to join.<\/p>\n<p>Participating corporations, through their subsidiaries or technology departments\/corporate venturing teams, are launching this urgent call to attract and financially support startups and scaleups with innovative projects that can be launched immediately and developed and implemented within a maximum of one year. The projects supported must be related, from an energy perspective to the fields of environmental sustainability, mobility, social impact, digitalization, telecommunications and 4.0, and must contribute to mitigating the economic and social effects caused by the COVID-19.<\/p>\n<p>Each of the corporates will support at least one startup\/scaleup by providing funding for the development of the project and\/or through its innovation, investment, commercial development and structure tools.<\/p>\n<p>The deadline for the reception of proposals is open from today until April 19th. The objective is to speed up the project selection process as much as possible so that they can start working from the second half of May.<\/p>\n<\/p>\r\n                                    \r\n                                    \r\n                                                            \r\n                        <\/div>\r\n\r\n                    \r\n                \r\n            \r\n\r\n\r\n        \r\n    <\/div>\r\n\r\n    \r\n<\/div>\r\n\r\n\r\n    \r\n                    \r\n                                    \r\n                        \r\n                        \r\n                                    \r\n            \r\n                                    \r\n                        \r\n                        \r\n                                    \r\n                    \r\n    \r\n\r\n\r\n\r\n\r\n\r\n\r\n\r\n\r\n\n\n\r\n\r\n\r\n<div class=\"module-actualidad module\">\r\n    <div class=\"grid full-width\">\r\n        <div class=\"grid-container--left\">\r\n            <div class=\"grid-container--left__container\">\r\n                <div class=\"grid-container--left__box\">\r\n                    <h2 class=\"title--tag\">Discover the highlights <\/h2>\r\n                    <h3 class=\"title--s\"><span>stay up to date<\/span><\/h3>\r\n                    <div class=\"cta-wrapper cta-wrapper--ng\">\r\n\r\n                        <!-- Link -->\r\n\r\n                                                    \r\n                                \r\n                                                                    <!-- Internal Link -->\r\n                                                                                                        \r\n                                \r\n                                \r\n                                \r\n                                \r\n\r\n                                                    \r\n                        <!-- End link -->\r\n\r\n\r\n\r\n                    <\/div>\r\n                <\/div>\r\n            <\/div>\r\n        <\/div>\r\n        <div class=\"grid-container--right\">\r\n            <div class=\"grid-container--right__container\">\r\n                                      <ul>\r\n  <li class=\"grid full-width\" style=\"background-image: url(https:\/\/cdn-imnov.comun-pro.eu-west-1-aws.cloud-acc.net\/wp-content\/uploads\/2026\/03\/17112958\/iStock-1167969567-aspect-ratio-2000-1024.jpg);\" >\r\n    <div class=\"item-header\">\r\n        <a class=\"label--tag\" href=\"https:\/\/imnovation.acciona.com\/en\/imnovation-2026-extends-the-deadline-for-startup-applications-until-30-april\/\" target=\"_blank\">\r\n            <div class=\"label--m\">NEWS<\/div>\r\n        <\/a>\r\n        <div class=\"date\">\r\n            <div class=\"label--m\">17 March 2026<\/div>\r\n        <\/div>\r\n    <\/div>\r\n    <div class=\"item-content\">\r\n      <a class=\"title--xs\" href=\"https:\/\/imnovation.acciona.com\/en\/imnovation-2026-extends-the-deadline-for-startup-applications-until-30-april\/\" target=\"_blank\">\r\n        I\u2019MNOVATION 2026 extends the deadline for startup applications until 30 April      <\/a>\r\n    <\/div>\r\n<\/li>\r\n<li class=\"grid full-width\" style=\"background-image: url(https:\/\/cdn-imnov.comun-pro.eu-west-1-aws.cloud-acc.net\/wp-content\/uploads\/2026\/03\/04200218\/acciona_networkhd-aspect-ratio-2000-1024.jpg);\" >\r\n    <div class=\"item-header\">\r\n        <a class=\"label--tag\" href=\"https:\/\/imnovation.acciona.com\/en\/imnovation-no-tiene-fronteras-como-colaborar-con-acciona-desde-cualquier-parte-del-mundo\/\" target=\"_blank\">\r\n            <div class=\"label--m\">NEWS<\/div>\r\n        <\/a>\r\n        <div class=\"date\">\r\n            <div class=\"label--m\">5 March 2026<\/div>\r\n        <\/div>\r\n    <\/div>\r\n    <div class=\"item-content\">\r\n      <a class=\"title--xs\" href=\"https:\/\/imnovation.acciona.com\/en\/imnovation-no-tiene-fronteras-como-colaborar-con-acciona-desde-cualquier-parte-del-mundo\/\" target=\"_blank\">\r\n        I\u2019MNOVATION Has No Borders: How to Collaborate with ACCIONA from Anywhere in the World      <\/a>\r\n    <\/div>\r\n<\/li>\r\n<li class=\"grid full-width\" style=\"background-image: url(https:\/\/cdn-imnov.comun-pro.eu-west-1-aws.cloud-acc.net\/wp-content\/uploads\/2026\/03\/03075136\/GeoRisk_Geprode-aspect-ratio-2000-1024.png);\" >\r\n    <div class=\"item-header\">\r\n        <a class=\"label--tag\" href=\"https:\/\/imnovation.acciona.com\/en\/geprode-prediccion-geologica-avanzada-para-proyectos-de-tunelizacion-con-tbm\/\" target=\"_blank\">\r\n            <div class=\"label--m\">NEWS<\/div>\r\n        <\/a>\r\n        <div class=\"date\">\r\n            <div class=\"label--m\">3 March 2026<\/div>\r\n        <\/div>\r\n    <\/div>\r\n    <div class=\"item-content\">\r\n      <a class=\"title--xs\" href=\"https:\/\/imnovation.acciona.com\/en\/geprode-prediccion-geologica-avanzada-para-proyectos-de-tunelizacion-con-tbm\/\" target=\"_blank\">\r\n        GEPRODE \u2013 Advanced geological prediction for TBM tunneling projects      <\/a>\r\n    <\/div>\r\n<\/li>\r\n<li class=\"grid full-width\" style=\"background-image: url(https:\/\/cdn-imnov.comun-pro.eu-west-1-aws.cloud-acc.net\/wp-content\/uploads\/2026\/03\/03123441\/Multimedia-1-1-scaled-aspect-ratio-2000-1024.jpg);\" >\r\n    <div class=\"item-header\">\r\n        <a class=\"label--tag\" href=\"https:\/\/imnovation.acciona.com\/en\/acciona-drives-innovation-at-4yfn-within-the-mobile-world-congress\/\" target=\"_blank\">\r\n            <div class=\"label--m\">NEWS<\/div>\r\n        <\/a>\r\n        <div class=\"date\">\r\n            <div class=\"label--m\">2 March 2026<\/div>\r\n        <\/div>\r\n    <\/div>\r\n    <div class=\"item-content\">\r\n      <a class=\"title--xs\" href=\"https:\/\/imnovation.acciona.com\/en\/acciona-drives-innovation-at-4yfn-within-the-mobile-world-congress\/\" target=\"_blank\">\r\n        ACCIONA drives innovation at 4YFN within the Mobile World Congress      <\/a>\r\n    <\/div>\r\n<\/li>\r\n<\/ul>\r\n                            <\/div>\r\n        <\/div>\r\n    <\/div>\r\n<\/div>\r\n\r\n\r\n    \r\n        \r\n        \r\n    \r\n\r\n\r\n\r\n","protected":false},"excerpt":{"rendered":"<p>The main objective of the platform Energ\u00eda Positiva+, a pioneer in Spain, is to support startups in the development of projects, from the perspective of energy and in the areas of environmental sustainability, mobility, social impact, digitalization, telecommunications and 4.0.<br \/>\nThe initiative, promoted by Enag\u00e1s, Red El\u00e9ctrica, CLH, Iberdrola, BP, EIT InnoEnergy and Acciona, is open to other companies and institutions.<\/p>\n","protected":false},"author":7,"featured_media":22598,"comment_status":"closed","ping_status":"closed","sticky":false,"template":"","format":"standard","meta":{"_acf_changed":false,"inline_featured_image":false,"footnotes":""},"categories":[3],"tags":[],"class_list":["post-23958","post","type-post","status-publish","format-standard","hentry","category-uncategorized"],"acf":[],"yoast_head":"<!-- This site is optimized with the Yoast SEO Premium plugin v21.5 (Yoast SEO v26.5) - https:\/\/yoast.com\/wordpress\/plugins\/seo\/ -->\n<title>Energy Companies launch Energ\u00eda Positiva+ Initiative driven to mitigate the impact of COVID-19 through innovation | IMNOVATION#Startups<\/title>\n<meta name=\"robots\" content=\"index, follow, max-snippet:-1, max-image-preview:large, max-video-preview:-1\" \/>\n<link rel=\"canonical\" href=\"https:\/\/imnovation.acciona.com\/en\/energy-companies-energia-positiva-initiative-mitigate-impact-covid-19\/\" \/>\n<meta property=\"og:locale\" content=\"en_US\" \/>\n<meta property=\"og:type\" content=\"article\" \/>\n<meta property=\"og:title\" content=\"Energy Companies launch Energ\u00eda Positiva+ Initiative driven to mitigate the impact of COVID-19 through innovation\" \/>\n<meta property=\"og:description\" content=\"The main objective of the platform Energ\u00eda Positiva+, a pioneer in Spain, is to support startups in the development of projects, from the perspective of energy and in the areas of environmental sustainability, mobility, social impact, digitalization, telecommunications and 4.0. The initiative, promoted by Enag\u00e1s, Red El\u00e9ctrica, CLH, Iberdrola, BP, EIT InnoEnergy and Acciona, is open to other companies and institutions.\" \/>\n<meta property=\"og:url\" content=\"https:\/\/imnovation.acciona.com\/en\/energy-companies-energia-positiva-initiative-mitigate-impact-covid-19\/\" \/>\n<meta property=\"og:site_name\" content=\"IMNOVATION#Startups\" \/>\n<meta property=\"article:published_time\" content=\"2020-04-07T08:05:00+00:00\" \/>\n<meta property=\"article:modified_time\" content=\"2022-11-16T08:20:57+00:00\" \/>\n<meta property=\"og:image\" content=\"https:\/\/cdn-imnov.comun-pro.eu-west-1-aws.cloud-acc.net\/wp-content\/uploads\/2022\/07\/30111117\/Sin-titulo-1-scaled-aspect-ratio-2000-1024.jpg\" \/>\n\t<meta property=\"og:image:width\" content=\"2000\" \/>\n\t<meta property=\"og:image:height\" content=\"1024\" \/>\n\t<meta property=\"og:image:type\" content=\"image\/jpeg\" \/>\n<meta name=\"twitter:card\" content=\"summary_large_image\" \/>\n<script type=\"application\/ld+json\" class=\"yoast-schema-graph\">{\"@context\":\"https:\/\/schema.org\",\"@graph\":[{\"@type\":[\"Article\",\"Report\"],\"@id\":\"https:\/\/imnovation.acciona.com\/en\/energy-companies-energia-positiva-initiative-mitigate-impact-covid-19\/#article\",\"isPartOf\":{\"@id\":\"https:\/\/imnovation.acciona.com\/en\/energy-companies-energia-positiva-initiative-mitigate-impact-covid-19\/\"},\"author\":{\"name\":\"ACCIONA\",\"@id\":\"https:\/\/imnovation.acciona.com\/en\/#\/schema\/person\/761b5d2753baae5dfe766954ae7c811c\"},\"headline\":\"Energy Companies launch Energ\u00eda Positiva+ Initiative driven to mitigate the impact of COVID-19 through innovation\",\"datePublished\":\"2020-04-07T08:05:00+00:00\",\"dateModified\":\"2022-11-16T08:20:57+00:00\",\"mainEntityOfPage\":{\"@id\":\"https:\/\/imnovation.acciona.com\/en\/energy-companies-energia-positiva-initiative-mitigate-impact-covid-19\/\"},\"wordCount\":16,\"publisher\":{\"@id\":\"https:\/\/imnovation.acciona.com\/en\/#organization\"},\"image\":{\"@id\":\"https:\/\/imnovation.acciona.com\/en\/energy-companies-energia-positiva-initiative-mitigate-impact-covid-19\/#primaryimage\"},\"thumbnailUrl\":\"https:\/\/cdn-imnov.comun-pro.eu-west-1-aws.cloud-acc.net\/wp-content\/uploads\/2022\/07\/30111117\/Sin-titulo-1-scaled-aspect-ratio-2000-1024.jpg\",\"inLanguage\":\"en-US\"},{\"@type\":\"WebPage\",\"@id\":\"https:\/\/imnovation.acciona.com\/en\/energy-companies-energia-positiva-initiative-mitigate-impact-covid-19\/\",\"url\":\"https:\/\/imnovation.acciona.com\/en\/energy-companies-energia-positiva-initiative-mitigate-impact-covid-19\/\",\"name\":\"Energy Companies launch Energ\u00eda Positiva+ Initiative driven to mitigate the impact of COVID-19 through innovation | IMNOVATION#Startups\",\"isPartOf\":{\"@id\":\"https:\/\/imnovation.acciona.com\/en\/#website\"},\"primaryImageOfPage\":{\"@id\":\"https:\/\/imnovation.acciona.com\/en\/energy-companies-energia-positiva-initiative-mitigate-impact-covid-19\/#primaryimage\"},\"image\":{\"@id\":\"https:\/\/imnovation.acciona.com\/en\/energy-companies-energia-positiva-initiative-mitigate-impact-covid-19\/#primaryimage\"},\"thumbnailUrl\":\"https:\/\/cdn-imnov.comun-pro.eu-west-1-aws.cloud-acc.net\/wp-content\/uploads\/2022\/07\/30111117\/Sin-titulo-1-scaled-aspect-ratio-2000-1024.jpg\",\"datePublished\":\"2020-04-07T08:05:00+00:00\",\"dateModified\":\"2022-11-16T08:20:57+00:00\",\"breadcrumb\":{\"@id\":\"https:\/\/imnovation.acciona.com\/en\/energy-companies-energia-positiva-initiative-mitigate-impact-covid-19\/#breadcrumb\"},\"inLanguage\":\"en-US\",\"potentialAction\":[{\"@type\":\"ReadAction\",\"target\":[\"https:\/\/imnovation.acciona.com\/en\/energy-companies-energia-positiva-initiative-mitigate-impact-covid-19\/\"]}]},{\"@type\":\"ImageObject\",\"inLanguage\":\"en-US\",\"@id\":\"https:\/\/imnovation.acciona.com\/en\/energy-companies-energia-positiva-initiative-mitigate-impact-covid-19\/#primaryimage\",\"url\":\"https:\/\/cdn-imnov.comun-pro.eu-west-1-aws.cloud-acc.net\/wp-content\/uploads\/2022\/07\/30111117\/Sin-titulo-1-scaled-aspect-ratio-2000-1024.jpg\",\"contentUrl\":\"https:\/\/cdn-imnov.comun-pro.eu-west-1-aws.cloud-acc.net\/wp-content\/uploads\/2022\/07\/30111117\/Sin-titulo-1-scaled-aspect-ratio-2000-1024.jpg\",\"width\":2000,\"height\":1024},{\"@type\":\"BreadcrumbList\",\"@id\":\"https:\/\/imnovation.acciona.com\/en\/energy-companies-energia-positiva-initiative-mitigate-impact-covid-19\/#breadcrumb\",\"itemListElement\":[{\"@type\":\"ListItem\",\"position\":1,\"name\":\"Home\",\"item\":\"https:\/\/imnovation.acciona.com\/en\/\"},{\"@type\":\"ListItem\",\"position\":2,\"name\":\"Energy Companies launch Energ\u00eda Positiva+ Initiative driven to mitigate the impact of COVID-19 through innovation\"}]},{\"@type\":\"WebSite\",\"@id\":\"https:\/\/imnovation.acciona.com\/en\/#website\",\"url\":\"https:\/\/imnovation.acciona.com\/en\/\",\"name\":\"IMNOVATION#Startups\",\"description\":\"\",\"publisher\":{\"@id\":\"https:\/\/imnovation.acciona.com\/en\/#organization\"},\"alternateName\":\"IMNOVATION#Startups\",\"potentialAction\":[{\"@type\":\"SearchAction\",\"target\":{\"@type\":\"EntryPoint\",\"urlTemplate\":\"https:\/\/imnovation.acciona.com\/en\/?s={search_term_string}\"},\"query-input\":{\"@type\":\"PropertyValueSpecification\",\"valueRequired\":true,\"valueName\":\"search_term_string\"}}],\"inLanguage\":\"en-US\"},{\"@type\":\"Organization\",\"@id\":\"https:\/\/imnovation.acciona.com\/en\/#organization\",\"name\":\"I'MNOVATION#Startups\",\"url\":\"https:\/\/imnovation.acciona.com\/en\/\",\"logo\":{\"@type\":\"ImageObject\",\"inLanguage\":\"en-US\",\"@id\":\"https:\/\/imnovation.acciona.com\/en\/#\/schema\/logo\/image\/\",\"url\":\"https:\/\/cdn-imnov.comun-pro.eu-west-1-aws.cloud-acc.net\/wp-content\/uploads\/2024\/02\/07094750\/Acciona-IMNOV-vert.jpg\",\"contentUrl\":\"https:\/\/cdn-imnov.comun-pro.eu-west-1-aws.cloud-acc.net\/wp-content\/uploads\/2024\/02\/07094750\/Acciona-IMNOV-vert.jpg\",\"width\":1208,\"height\":979,\"caption\":\"I'MNOVATION#Startups\"},\"image\":{\"@id\":\"https:\/\/imnovation.acciona.com\/en\/#\/schema\/logo\/image\/\"}},{\"@type\":\"Person\",\"@id\":\"https:\/\/imnovation.acciona.com\/en\/#\/schema\/person\/761b5d2753baae5dfe766954ae7c811c\",\"name\":\"ACCIONA\"}]}<\/script>\n<!-- \/ Yoast SEO Premium plugin. -->","yoast_head_json":{"title":"Energy Companies launch Energ\u00eda Positiva+ Initiative driven to mitigate the impact of COVID-19 through innovation | IMNOVATION#Startups","robots":{"index":"index","follow":"follow","max-snippet":"max-snippet:-1","max-image-preview":"max-image-preview:large","max-video-preview":"max-video-preview:-1"},"canonical":"https:\/\/imnovation.acciona.com\/en\/energy-companies-energia-positiva-initiative-mitigate-impact-covid-19\/","og_locale":"en_US","og_type":"article","og_title":"Energy Companies launch Energ\u00eda Positiva+ Initiative driven to mitigate the impact of COVID-19 through innovation","og_description":"The main objective of the platform Energ\u00eda Positiva+, a pioneer in Spain, is to support startups in the development of projects, from the perspective of energy and in the areas of environmental sustainability, mobility, social impact, digitalization, telecommunications and 4.0. The initiative, promoted by Enag\u00e1s, Red El\u00e9ctrica, CLH, Iberdrola, BP, EIT InnoEnergy and Acciona, is open to other companies and institutions.","og_url":"https:\/\/imnovation.acciona.com\/en\/energy-companies-energia-positiva-initiative-mitigate-impact-covid-19\/","og_site_name":"IMNOVATION#Startups","article_published_time":"2020-04-07T08:05:00+00:00","article_modified_time":"2022-11-16T08:20:57+00:00","og_image":[{"width":2000,"height":1024,"url":"https:\/\/cdn-imnov.comun-pro.eu-west-1-aws.cloud-acc.net\/wp-content\/uploads\/2022\/07\/30111117\/Sin-titulo-1-scaled-aspect-ratio-2000-1024.jpg","type":"image\/jpeg"}],"twitter_card":"summary_large_image","schema":{"@context":"https:\/\/schema.org","@graph":[{"@type":["Article","Report"],"@id":"https:\/\/imnovation.acciona.com\/en\/energy-companies-energia-positiva-initiative-mitigate-impact-covid-19\/#article","isPartOf":{"@id":"https:\/\/imnovation.acciona.com\/en\/energy-companies-energia-positiva-initiative-mitigate-impact-covid-19\/"},"author":{"name":"ACCIONA","@id":"https:\/\/imnovation.acciona.com\/en\/#\/schema\/person\/761b5d2753baae5dfe766954ae7c811c"},"headline":"Energy Companies launch Energ\u00eda Positiva+ Initiative driven to mitigate the impact of COVID-19 through innovation","datePublished":"2020-04-07T08:05:00+00:00","dateModified":"2022-11-16T08:20:57+00:00","mainEntityOfPage":{"@id":"https:\/\/imnovation.acciona.com\/en\/energy-companies-energia-positiva-initiative-mitigate-impact-covid-19\/"},"wordCount":16,"publisher":{"@id":"https:\/\/imnovation.acciona.com\/en\/#organization"},"image":{"@id":"https:\/\/imnovation.acciona.com\/en\/energy-companies-energia-positiva-initiative-mitigate-impact-covid-19\/#primaryimage"},"thumbnailUrl":"https:\/\/cdn-imnov.comun-pro.eu-west-1-aws.cloud-acc.net\/wp-content\/uploads\/2022\/07\/30111117\/Sin-titulo-1-scaled-aspect-ratio-2000-1024.jpg","inLanguage":"en-US"},{"@type":"WebPage","@id":"https:\/\/imnovation.acciona.com\/en\/energy-companies-energia-positiva-initiative-mitigate-impact-covid-19\/","url":"https:\/\/imnovation.acciona.com\/en\/energy-companies-energia-positiva-initiative-mitigate-impact-covid-19\/","name":"Energy Companies launch Energ\u00eda Positiva+ Initiative driven to mitigate the impact of COVID-19 through innovation | IMNOVATION#Startups","isPartOf":{"@id":"https:\/\/imnovation.acciona.com\/en\/#website"},"primaryImageOfPage":{"@id":"https:\/\/imnovation.acciona.com\/en\/energy-companies-energia-positiva-initiative-mitigate-impact-covid-19\/#primaryimage"},"image":{"@id":"https:\/\/imnovation.acciona.com\/en\/energy-companies-energia-positiva-initiative-mitigate-impact-covid-19\/#primaryimage"},"thumbnailUrl":"https:\/\/cdn-imnov.comun-pro.eu-west-1-aws.cloud-acc.net\/wp-content\/uploads\/2022\/07\/30111117\/Sin-titulo-1-scaled-aspect-ratio-2000-1024.jpg","datePublished":"2020-04-07T08:05:00+00:00","dateModified":"2022-11-16T08:20:57+00:00","breadcrumb":{"@id":"https:\/\/imnovation.acciona.com\/en\/energy-companies-energia-positiva-initiative-mitigate-impact-covid-19\/#breadcrumb"},"inLanguage":"en-US","potentialAction":[{"@type":"ReadAction","target":["https:\/\/imnovation.acciona.com\/en\/energy-companies-energia-positiva-initiative-mitigate-impact-covid-19\/"]}]},{"@type":"ImageObject","inLanguage":"en-US","@id":"https:\/\/imnovation.acciona.com\/en\/energy-companies-energia-positiva-initiative-mitigate-impact-covid-19\/#primaryimage","url":"https:\/\/cdn-imnov.comun-pro.eu-west-1-aws.cloud-acc.net\/wp-content\/uploads\/2022\/07\/30111117\/Sin-titulo-1-scaled-aspect-ratio-2000-1024.jpg","contentUrl":"https:\/\/cdn-imnov.comun-pro.eu-west-1-aws.cloud-acc.net\/wp-content\/uploads\/2022\/07\/30111117\/Sin-titulo-1-scaled-aspect-ratio-2000-1024.jpg","width":2000,"height":1024},{"@type":"BreadcrumbList","@id":"https:\/\/imnovation.acciona.com\/en\/energy-companies-energia-positiva-initiative-mitigate-impact-covid-19\/#breadcrumb","itemListElement":[{"@type":"ListItem","position":1,"name":"Home","item":"https:\/\/imnovation.acciona.com\/en\/"},{"@type":"ListItem","position":2,"name":"Energy Companies launch Energ\u00eda Positiva+ Initiative driven to mitigate the impact of COVID-19 through innovation"}]},{"@type":"WebSite","@id":"https:\/\/imnovation.acciona.com\/en\/#website","url":"https:\/\/imnovation.acciona.com\/en\/","name":"IMNOVATION#Startups","description":"","publisher":{"@id":"https:\/\/imnovation.acciona.com\/en\/#organization"},"alternateName":"IMNOVATION#Startups","potentialAction":[{"@type":"SearchAction","target":{"@type":"EntryPoint","urlTemplate":"https:\/\/imnovation.acciona.com\/en\/?s={search_term_string}"},"query-input":{"@type":"PropertyValueSpecification","valueRequired":true,"valueName":"search_term_string"}}],"inLanguage":"en-US"},{"@type":"Organization","@id":"https:\/\/imnovation.acciona.com\/en\/#organization","name":"I'MNOVATION#Startups","url":"https:\/\/imnovation.acciona.com\/en\/","logo":{"@type":"ImageObject","inLanguage":"en-US","@id":"https:\/\/imnovation.acciona.com\/en\/#\/schema\/logo\/image\/","url":"https:\/\/cdn-imnov.comun-pro.eu-west-1-aws.cloud-acc.net\/wp-content\/uploads\/2024\/02\/07094750\/Acciona-IMNOV-vert.jpg","contentUrl":"https:\/\/cdn-imnov.comun-pro.eu-west-1-aws.cloud-acc.net\/wp-content\/uploads\/2024\/02\/07094750\/Acciona-IMNOV-vert.jpg","width":1208,"height":979,"caption":"I'MNOVATION#Startups"},"image":{"@id":"https:\/\/imnovation.acciona.com\/en\/#\/schema\/logo\/image\/"}},{"@type":"Person","@id":"https:\/\/imnovation.acciona.com\/en\/#\/schema\/person\/761b5d2753baae5dfe766954ae7c811c","name":"ACCIONA"}]}},"_links":{"self":[{"href":"https:\/\/imnovation.acciona.com\/en\/wp-json\/wp\/v2\/posts\/23958","targetHints":{"allow":["GET"]}}],"collection":[{"href":"https:\/\/imnovation.acciona.com\/en\/wp-json\/wp\/v2\/posts"}],"about":[{"href":"https:\/\/imnovation.acciona.com\/en\/wp-json\/wp\/v2\/types\/post"}],"author":[{"embeddable":true,"href":"https:\/\/imnovation.acciona.com\/en\/wp-json\/wp\/v2\/users\/7"}],"replies":[{"embeddable":true,"href":"https:\/\/imnovation.acciona.com\/en\/wp-json\/wp\/v2\/comments?post=23958"}],"version-history":[{"count":9,"href":"https:\/\/imnovation.acciona.com\/en\/wp-json\/wp\/v2\/posts\/23958\/revisions"}],"predecessor-version":[{"id":28505,"href":"https:\/\/imnovation.acciona.com\/en\/wp-json\/wp\/v2\/posts\/23958\/revisions\/28505"}],"wp:featuredmedia":[{"embeddable":true,"href":"https:\/\/imnovation.acciona.com\/en\/wp-json\/wp\/v2\/media\/22598"}],"wp:attachment":[{"href":"https:\/\/imnovation.acciona.com\/en\/wp-json\/wp\/v2\/media?parent=23958"}],"wp:term":[{"taxonomy":"category","embeddable":true,"href":"https:\/\/imnovation.acciona.com\/en\/wp-json\/wp\/v2\/categories?post=23958"},{"taxonomy":"post_tag","embeddable":true,"href":"https:\/\/imnovation.acciona.com\/en\/wp-json\/wp\/v2\/tags?post=23958"}],"curies":[{"name":"wp","href":"https:\/\/api.w.org\/{rel}","templated":true}]}}